{"id":2671,"date":"2025-10-24T17:49:06","date_gmt":"2025-10-24T22:49:06","guid":{"rendered":"https:\/\/nextvida.net\/?p=2671"},"modified":"2025-10-30T17:49:31","modified_gmt":"2025-10-30T22:49:31","slug":"estres-y-ansiedad-una-guia-para-recuperar-la-calma-en-la-vida-acelerada","status":"publish","type":"post","link":"https:\/\/nextvida.net\/en\/estres-y-ansiedad-una-guia-para-recuperar-la-calma-en-la-vida-acelerada\/","title":{"rendered":"Estr\u00e9s y Ansiedad: Una Gu\u00eda para Recuperar la Calma en la Vida Acelerada"},"content":{"rendered":"<p><\/p>\n\n\n\n<hr class=\"wp-block-separator has-alpha-channel-opacity\"\/>\n\n\n\n<h1 class=\"wp-block-heading\"><\/h1>\n\n\n\n<p>En la sociedad actual, hiperconectada y orientada a la productividad constante, el estr\u00e9s y la ansiedad se han convertido en visitantes cr\u00f3nicos, afectando a millones de personas a nivel mundial. Ya no son meras reacciones a una crisis puntual, sino estados emocionales persistentes que, sin una gesti\u00f3n adecuada, erosionan la calidad de vida, el sue\u00f1o, las relaciones y la salud f\u00edsica. Este art\u00edculo no solo identifica las causas modernas de estas condiciones omnipresentes, sino que ofrece estrategias pr\u00e1cticas y cient\u00edficamente respaldadas para recuperar el control, cultivar un estado de calma duradero y construir una vida m\u00e1s plena y equilibrada.<\/p>\n\n\n\n<h3 class=\"wp-block-heading\">1. Entendiendo la Diferencia: Estr\u00e9s vs. Ansiedad<\/h3>\n\n\n\n<p>Aunque a menudo se usan indistintamente, el estr\u00e9s y la ansiedad son distintos en su origen:<\/p>\n\n\n\n<ul class=\"wp-block-list\">\n<li><strong>El Estr\u00e9s:<\/strong> Es una respuesta fisiol\u00f3gica y mental a una demanda o amenaza real o percibida. Es una reacci\u00f3n a un <em>factor estresante<\/em> externo (una fecha l\u00edmite, un atasco de tr\u00e1fico, una discusi\u00f3n). Es temporal y suele desaparecer cuando la situaci\u00f3n se resuelve.\n<ul class=\"wp-block-list\">\n<li><strong>Tipos de Estr\u00e9s:<\/strong> El <strong>eustr\u00e9s<\/strong> es positivo (la emoci\u00f3n de un nuevo desaf\u00edo); el <strong>distr\u00e9s<\/strong> es negativo y prolongado, el que causa da\u00f1o.<\/li>\n<\/ul>\n<\/li>\n\n\n\n<li><strong>La Ansiedad:<\/strong> Es una preocupaci\u00f3n excesiva y persistente que a menudo no est\u00e1 ligada a una amenaza inmediata o espec\u00edfica. Es la anticipaci\u00f3n de un peligro futuro. Se manifiesta con s\u00edntomas f\u00edsicos como palpitaciones, sudoraci\u00f3n y dificultad para respirar.\n<ul class=\"wp-block-list\">\n<li><strong>El V\u00ednculo Moderno:<\/strong> El problema actual es que el estr\u00e9s cr\u00f3nico (distr\u00e9s) se convierte en el motor que alimenta la ansiedad generalizada. La incapacidad de desconectar perpet\u00faa este ciclo.<\/li>\n<\/ul>\n<\/li>\n<\/ul>\n\n\n\n<h3 class=\"wp-block-heading\">2. Las Ra\u00edces de la Ansiedad Moderna: El Factor Digital<\/h3>\n\n\n\n<p>Las exigencias de la vida contempor\u00e1nea han creado factores estresantes \u00fanicos que nuestros cerebros no est\u00e1n preparados para manejar:<\/p>\n\n\n\n<ul class=\"wp-block-list\">\n<li><strong>La Cultura de la Hiperconectividad:<\/strong> El bombardeo constante de notificaciones y la necesidad de responder inmediatamente crean un estado de alerta perpetuo. El cerebro nunca entra en modo de &#8220;descanso&#8221; total.<\/li>\n\n\n\n<li><strong>Miedo a Perderse Algo (FOMO):<\/strong> Las redes sociales exponen vidas idealizadas, generando comparaciones destructivas y la sensaci\u00f3n constante de insuficiencia, lo que alimenta la ansiedad social y profesional.<\/li>\n\n\n\n<li><strong>El Mito de la Multitarea:<\/strong> La creencia de que podemos (y debemos) manejar varias tareas simult\u00e1neamente fragmenta la atenci\u00f3n, eleva los niveles de cortisol (la hormona del estr\u00e9s) y reduce la eficiencia real.<\/li>\n\n\n\n<li><strong>Inestabilidad Global:<\/strong> Las noticias constantes sobre econom\u00eda, pol\u00edtica o medio ambiente crean una sensaci\u00f3n de falta de control sobre el futuro, una fuente principal de ansiedad.<\/li>\n<\/ul>\n\n\n\n<h3 class=\"wp-block-heading\">3. Estrategias de Gesti\u00f3n Mental: La Calma desde Adentro<\/h3>\n\n\n\n<p>Para contrarrestar la velocidad del mundo exterior, debemos fortalecer nuestro mundo interior:<\/p>\n\n\n\n<ul class=\"wp-block-list\">\n<li><strong>Mindfulness y Meditaci\u00f3n:<\/strong> Estas pr\u00e1cticas entrenan la mente para enfocarse en el <strong>momento presente<\/strong>, reduciendo la rumiaci\u00f3n (dar vueltas a pensamientos pasados o futuros) que alimenta la ansiedad. Incluso 5 minutos al d\u00eda de atenci\u00f3n plena pueden reestructurar las conexiones neuronales.<\/li>\n\n\n\n<li><strong>La Regla de los Tres Minutos para la Preocupaci\u00f3n:<\/strong> Cuando surge una preocupaci\u00f3n, perm\u00edtete pensar en ella intensamente por solo tres minutos. Luego, escr\u00edbela en un &#8220;Diario de Preocupaciones&#8221; y apl\u00e1zala hasta un momento espec\u00edfico del d\u00eda. Esto desactiva la urgencia de la ansiedad.<\/li>\n\n\n\n<li><strong>Reestructuraci\u00f3n Cognitiva:<\/strong> Basada en la Terapia Cognitivo-Conductual (TCC), esta t\u00e9cnica consiste en identificar los pensamientos negativos o catastr\u00f3ficos autom\u00e1ticos y reemplazarlos por interpretaciones m\u00e1s realistas y equilibradas. <em>Ejemplo: de &#8220;Voy a fracasar en la presentaci\u00f3n&#8221; a &#8220;Estoy preparado y har\u00e9 lo mejor que pueda&#8221;.<\/em><\/li>\n<\/ul>\n\n\n\n<h3 class=\"wp-block-heading\">4. Pilares del Bienestar F\u00edsico: El Cuerpo y la Calma<\/h3>\n\n\n\n<p>El cuerpo es el primer afectado por el estr\u00e9s, pero tambi\u00e9n es nuestra herramienta m\u00e1s poderosa para combatirlo:<\/p>\n\n\n\n<ul class=\"wp-block-list\">\n<li><strong>Ejercicio F\u00edsico: El Ant\u00eddoto Natural:<\/strong> La actividad f\u00edsica regular (incluso caminar 30 minutos al d\u00eda) es un potente reductor del estr\u00e9s. Libera <strong>endorfinas<\/strong> que mejoran el estado de \u00e1nimo y ayuda al cuerpo a metabolizar el exceso de hormonas del estr\u00e9s (cortisol y adrenalina).<\/li>\n\n\n\n<li><strong>La Higiene del Sue\u00f1o:<\/strong> La falta de sue\u00f1o amplifica la ansiedad. Establecer una rutina de sue\u00f1o estricta (mismas horas, ambiente oscuro y fresco) es fundamental. Evitar pantallas (luz azul) una hora antes de acostarse mejora la calidad del descanso.<\/li>\n\n\n\n<li><strong>Nutrici\u00f3n Anti-Estr\u00e9s:<\/strong> La dieta impacta la salud mental. Reducir el consumo de cafe\u00edna y az\u00facares refinados, que exacerban los picos de energ\u00eda y ansiedad, y aumentar alimentos ricos en <strong>magnesio<\/strong> (nueces, espinacas) y <strong>omega-3<\/strong> (pescado graso) contribuye a la estabilidad emocional.<\/li>\n<\/ul>\n\n\n\n<h3 class=\"wp-block-heading\">5. Cultivando la Resiliencia y el Autocuidado<\/h3>\n\n\n\n<p>El manejo del estr\u00e9s a largo plazo requiere la integraci\u00f3n de pr\u00e1cticas de autocuidado como una prioridad, no como un lujo:<\/p>\n\n\n\n<ul class=\"wp-block-list\">\n<li><strong>Establecer L\u00edmites Digitales Clientes:<\/strong> Definir momentos y zonas libres de tecnolog\u00eda (la mesa, el dormitorio). Desactivar notificaciones que no sean esenciales para evitar la &#8220;demanda&#8221; constante.<\/li>\n\n\n\n<li><strong>Aprender a Decir &#8220;No&#8221; (Sin Culpa):<\/strong> Sobrecargarse con compromisos, ya sean laborales o sociales, es la v\u00eda m\u00e1s r\u00e1pida al <em>burnout<\/em>. Proteger el tiempo personal es un acto de autocuidado esencial.<\/li>\n\n\n\n<li><strong>La Importancia de las Conexiones Reales:<\/strong> Las interacciones cara a cara con seres queridos liberan <strong>oxitocina<\/strong>, una hormona que contrarresta el estr\u00e9s. Priorizar el tiempo de calidad fuera de las pantallas fortalece la red de apoyo emocional.<\/li>\n<\/ul>\n\n\n\n<p><strong>Conclusi\u00f3n:<\/strong><\/p>\n\n\n\n<p>El estr\u00e9s y la ansiedad son batallas que se ganan con conciencia y estrategia. No se trata de eliminar las dificultades de la vida, sino de construir la <strong>resiliencia<\/strong> necesaria para navegar por ellas con ecuanimidad. Al implementar t\u00e9cnicas de <em>mindfulness<\/em>, cuidar nuestro cuerpo y establecer l\u00edmites saludables, podemos transformar la vida acelerada en una vida con prop\u00f3sito y tranquilidad. El compromiso con nuestra salud mental es la inversi\u00f3n m\u00e1s importante que podemos hacer por nuestro bienestar integral.<\/p>\n\n\n\n<hr class=\"wp-block-separator has-alpha-channel-opacity\"\/>\n\n\n\n<p><\/p>","protected":false},"excerpt":{"rendered":"<p>Estr\u00e9s y Ansiedad: Gu\u00eda para Recuperar la Calma en la Vida Acelerada | NextVida<\/p>","protected":false},"author":1,"featured_media":0,"comment_status":"open","ping_status":"open","sticky":false,"template":"","format":"standard","meta":{"footnotes":""},"categories":[45,35,55,46],"tags":[101,108,99,106,105,98,104,97,96,103,102,100,107],"class_list":{"0":"post-2671","1":"post","2":"type-post","3":"status-publish","4":"format-standard","6":"category-bienestar-y-salud-integral","7":"category-crecimiento-personal","8":"category-estilo-de-vida","9":"category-salud-mental","10":"tag-ansiedad-moderna","11":"tag-autocuidado","12":"tag-bienestar-mental","13":"tag-ejercicio-mental","14":"tag-equilibrio-vida-trabajo","15":"tag-gestion-del-estres","16":"tag-meditacion","17":"tag-mindfulness","18":"tag-nutricion-y-estres","19":"tag-productividad-sostenible","20":"tag-resiliencia","21":"tag-salud-emocional","22":"tag-tecnicas-de-relajacion"},"_links":{"self":[{"href":"https:\/\/nextvida.net\/en\/wp-json\/wp\/v2\/posts\/2671","targetHints":{"allow":["GET"]}}],"collection":[{"href":"https:\/\/nextvida.net\/en\/wp-json\/wp\/v2\/posts"}],"about":[{"href":"https:\/\/nextvida.net\/en\/wp-json\/wp\/v2\/types\/post"}],"author":[{"embeddable":true,"href":"https:\/\/nextvida.net\/en\/wp-json\/wp\/v2\/users\/1"}],"replies":[{"embeddable":true,"href":"https:\/\/nextvida.net\/en\/wp-json\/wp\/v2\/comments?post=2671"}],"version-history":[{"count":1,"href":"https:\/\/nextvida.net\/en\/wp-json\/wp\/v2\/posts\/2671\/revisions"}],"predecessor-version":[{"id":2672,"href":"https:\/\/nextvida.net\/en\/wp-json\/wp\/v2\/posts\/2671\/revisions\/2672"}],"wp:attachment":[{"href":"https:\/\/nextvida.net\/en\/wp-json\/wp\/v2\/media?parent=2671"}],"wp:term":[{"taxonomy":"category","embeddable":true,"href":"https:\/\/nextvida.net\/en\/wp-json\/wp\/v2\/categories?post=2671"},{"taxonomy":"post_tag","embeddable":true,"href":"https:\/\/nextvida.net\/en\/wp-json\/wp\/v2\/tags?post=2671"}],"curies":[{"name":"wp","href":"https:\/\/api.w.org\/{rel}","templated":true}]}}